{"id":2392,"date":"2021-08-26T20:02:00","date_gmt":"2021-08-26T18:02:00","guid":{"rendered":"https:\/\/aram.ionutbuha.com\/?p=2392"},"modified":"2023-04-27T20:05:34","modified_gmt":"2023-04-27T18:05:34","slug":"fara-perioada-de-tranzitie-pentru-epuizarea-stocurilor-existente-de-produse-din-plastic-de-unica-folosinta","status":"publish","type":"post","link":"https:\/\/aram.org.ro\/en\/fara-perioada-de-tranzitie-pentru-epuizarea-stocurilor-existente-de-produse-din-plastic-de-unica-folosinta\/","title":{"rendered":"Transition period required, to use up existing stocks of single-use plastic products"},"content":{"rendered":"<p><strong><strong>Asocia\u021bia Rom\u00e2n\u0103 pentru Mediu \u0219i Ambalaje salut\u0103 transpunerea \u00een legisla\u021bia na\u021bional\u0103 a Directivei (UE) 2019\/904 privind reducerea impactului anumitor produse din plastic asupra mediului, \u00eens\u0103 atrage aten\u021bia c\u0103 nu este prev\u0103zut\u0103 \u0219i o perioad\u0103 de tranzi\u021bie pentru epuizare stocurilor existente.<\/strong><\/strong><\/p>\n\n\n\n<blockquote class=\"wp-block-quote is-layout-flow wp-block-quote-is-layout-flow\">\n<p><em><em>\u201eOdat\u0103 cu intrarea \u00een vigoare a ordonan\u021bei de transpunere, nu vor mai putea fi introduse pe pia\u021b\u0103 produse din plastic cum ar fi be\u021bi\u0219oare pentru urechi, tac\u00e2muri, farfurii sau paie pentru b\u0103uturi, exist\u00e2nd deja alternative ale acestora, ce se fabric\u0103 din bambus, din carton sau din lemn. Din p\u0103cate, nu este prev\u0103zut\u0103 \u0219i o perioad\u0103 de tranzi\u021bie, ce ar fi permis produc\u0103torilor \u0219i importatorilor s\u0103 epuizeze stocurile existente, \u00eens\u0103 produsele aflate acum \u00een circuitul comercial (\u00een magazine sau \u00een depozitele distribuitorilor) vor putea fi comercializate p\u00e2n\u0103 la epuizare\u201d<\/em>, se precizeaz\u0103 \u00eentr-un comunicat de pres\u0103 al\u00a0<a href=\"https:\/\/green-report.ro\/visan-aram-sgr\/\">ARAM<\/a>.<\/em><\/p>\n<\/blockquote>\n\n\n\n<p>Conform sursei citate, recipientele pentru alimente fabricate din polistiren expandat vor fi, de asemenea, subiect al restric\u021biilor de introducere pe pia\u021b\u0103. Pentru reducerea consumului la jum\u0103tate, p\u00e2n\u0103 \u00een anul 2026, \u00een cazul celorlalte recipiente din plastic pentru alimente \u0219i al paharelor pentru b\u0103uturi, sunt prev\u0103zute m\u0103suri precum oferirea de alternative reutilizabile sau care nu con\u021bin plastic, cum ar fi recipientele din fibre naturale, \u00eens\u0103 va fi nevoie \u0219i de facilit\u0103\u021bi specifice prin care s\u0103 fie stimulat\u0103 dezvoltarea acestei industrii.<\/p>\n\n\n\n<p>Totodat\u0103, con\u021binutul de plastic al unor produse precum \u0219erve\u021bele umede, pahare pentru b\u0103uturi sau produse din tutun cu filtre va fi \u00een mod obligatoriu semnalat printr-un marcaj amplasat direct pe produs, pentru informarea consumatorilor, \u00eens\u0103 nici \u00een acest caz nu este prev\u0103zut\u0103 o perioad\u0103 de tranzi\u021bie care s\u0103 permit\u0103 epuizarea stocurilor existente.<\/p>\n\n\n\n<blockquote class=\"wp-block-quote is-layout-flow wp-block-quote-is-layout-flow\">\n<p><em>\u201e\u00cen cazul sticlelor PET pentru b\u0103uturi, \u021bintele foarte ambi\u021bioase de colectare separat\u0103 (90% p\u00e2n\u0103 \u00een 2029) \u0219i de folosire a unui con\u021binut minim de plastic reciclat (30% p\u00e2n\u0103 \u00een anul 2030) vor putea fi atinse doar \u00een condi\u021biile implement\u0103rii \u0219i \u00een Rom\u00e2nia a sistemului de garan\u021bie-returnare (SGR), al c\u0103rui proiect este \u00eenc\u0103 \u00een analiza Ministerului Mediului\u201d<\/em>, se mai arat\u0103 \u00een textul comunicatului de pres\u0103.<\/p>\n<\/blockquote>\n\n\n\n<p><br>Potrivit\u00a0<a href=\"https:\/\/green-report.ro\/oug-interzice-comercializarea-plasticului-de-unica-folosinta\/\">Ministerului Mediului, Apelor \u0219i P\u0103durilor<\/a>, OUG vine \u0219i cu noi reglement\u0103ri privind r\u0103spunderea extins\u0103 a produc\u0103torilor. Astfel, aplic\u00e2ndu-se principiul \u201epoluatorul pl\u0103te\u0219te\u201d,\u00a0 s-au introdus prevederi legate de scheme de r\u0103spundere extins\u0103 a produc\u0103torilor, care s\u0103 acopere costurile necesare pentru gestionarea \u0219i cur\u0103\u021barea de\u0219eurilor \u0219i pentru m\u0103surile de sensibilizare menite s\u0103 previn\u0103 \u0219i s\u0103 reduc\u0103 astfel de de\u0219euri.<\/p>\n\n\n\n<p>\u00cen ultimii 50 de ani, produc\u021bia \u0219i consumul de plastic au crescut de 20 de ori \u0219i, se pare c\u0103 se va dubla, iar \u00een urm\u0103torii 20 de ani va dep\u0103\u0219i 600 milioane tone la nivel mondial. Doar 30% din plasticul din UE \u2013 care totalizeaz\u0103 25 milioane de tone anual \u2013 este colectat separat \u0219i reciclat. Prin urmare, plasticul devine un pericol tot mai mare pentru flora \u0219i fauna acvatic\u0103, el reprezent\u00e2nd 85% din de\u0219eurile marine \u00eent\u00e2lnite pe plaje.<\/p>\n\n\n\n<p>sursa:<a href=\"https:\/\/sibiuindependent.ro\/2022\/01\/20\/initiativa-de-protectie-a-mediului-a-elevilor-din-sibiu-premiata-in-cadrul-primei-editii-a-bursei-pentru-protectia-mediului-doru-cristiu\/\" target=\"_blank\" rel=\"noreferrer noopener\"> <\/a><a href=\"https:\/\/green-report.ro\/fara-perioada-de-tranzitie-pentru-epuizarea-stocurilor-existente-de-produse-din-plastic-de-unica-folosinta\/\" target=\"_blank\" rel=\"noreferrer noopener\">https:\/\/green-report.ro\/fara-perioada-de-tranzitie-pentru-epuizarea-stocurilor-existente-de-produse-din-plastic-de-unica-folosinta\/<\/a><\/p>","protected":false},"excerpt":{"rendered":"<p>Asocia\u021bia Rom\u00e2n\u0103 pentru Mediu \u0219i Ambalaje salut\u0103 transpunerea \u00een legisla\u021bia na\u021bional\u0103 a Directivei (UE) 2019\/904 privind reducerea impactului anumitor produse din plastic asupra mediului, \u00eens\u0103 atrage aten\u021bia c\u0103 nu este prev\u0103zut\u0103 \u0219i o perioad\u0103 de tranzi\u021bie pentru epuizare stocurilor existente. \u201eOdat\u0103 cu intrarea \u00een vigoare a ordonan\u021bei de transpunere, nu vor mai putea fi introduse<\/p>","protected":false},"author":1,"featured_media":2393,"comment_status":"closed","ping_status":"closed","sticky":false,"template":"","format":"standard","meta":{"footnotes":""},"categories":[1],"tags":[],"class_list":["post-2392","post","type-post","status-publish","format-standard","has-post-thumbnail","hentry","category-comunicate"],"yoast_head":"<!-- This site is optimized with the Yoast SEO plugin v27.5 - https:\/\/yoast.com\/product\/yoast-seo-wordpress\/ -->\n<title>F\u0103r\u0103 perioad\u0103 de tranzi\u021bie pentru epuizarea stocurilor existente de produse din plastic de unic\u0103 folosin\u021b\u0103 - ASOCIATIA ROMANA PENTRU AMBALAJE SI MEDIU<\/title>\n<meta name=\"robots\" content=\"noindex, follow, max-snippet:-1, max-image-preview:large, max-video-preview:-1\" \/>\n<meta property=\"og:locale\" content=\"en_US\" \/>\n<meta property=\"og:type\" content=\"article\" \/>\n<meta property=\"og:title\" content=\"F\u0103r\u0103 perioad\u0103 de tranzi\u021bie pentru epuizarea stocurilor existente de produse din plastic de unic\u0103 folosin\u021b\u0103 - ASOCIATIA ROMANA PENTRU AMBALAJE SI MEDIU\" \/>\n<meta property=\"og:description\" content=\"Asocia\u021bia Rom\u00e2n\u0103 pentru Mediu \u0219i Ambalaje salut\u0103 transpunerea \u00een legisla\u021bia na\u021bional\u0103 a Directivei (UE) 2019\/904 privind reducerea impactului anumitor produse din plastic asupra mediului, \u00eens\u0103 atrage aten\u021bia c\u0103 nu este prev\u0103zut\u0103 \u0219i o perioad\u0103 de tranzi\u021bie pentru epuizare stocurilor existente. \u201eOdat\u0103 cu intrarea \u00een vigoare a ordonan\u021bei de transpunere, nu vor mai putea fi introduse\" \/>\n<meta property=\"og:url\" content=\"https:\/\/aram.org.ro\/en\/fara-perioada-de-tranzitie-pentru-epuizarea-stocurilor-existente-de-produse-din-plastic-de-unica-folosinta\/\" \/>\n<meta property=\"og:site_name\" content=\"ASOCIATIA ROMANA PENTRU AMBALAJE SI MEDIU\" \/>\n<meta property=\"article:published_time\" content=\"2021-08-26T18:02:00+00:00\" \/>\n<meta property=\"article:modified_time\" content=\"2023-04-27T18:05:34+00:00\" \/>\n<meta property=\"og:image\" content=\"https:\/\/aram.org.ro\/wp-content\/uploads\/2023\/04\/PET-1.png\" \/>\n\t<meta property=\"og:image:width\" content=\"1024\" \/>\n\t<meta property=\"og:image:height\" content=\"512\" \/>\n\t<meta property=\"og:image:type\" content=\"image\/png\" \/>\n<meta name=\"author\" content=\"admin\" \/>\n<meta name=\"twitter:card\" content=\"summary_large_image\" \/>\n<meta name=\"twitter:label1\" content=\"Written by\" \/>\n\t<meta name=\"twitter:data1\" content=\"admin\" \/>\n\t<meta name=\"twitter:label2\" content=\"Est. reading time\" \/>\n\t<meta name=\"twitter:data2\" content=\"3 minutes\" \/>\n<script type=\"application\/ld+json\" class=\"yoast-schema-graph\">{\"@context\":\"https:\\\/\\\/schema.org\",\"@graph\":[{\"@type\":\"Article\",\"@id\":\"https:\\\/\\\/aram.org.ro\\\/fara-perioada-de-tranzitie-pentru-epuizarea-stocurilor-existente-de-produse-din-plastic-de-unica-folosinta\\\/#article\",\"isPartOf\":{\"@id\":\"https:\\\/\\\/aram.org.ro\\\/fara-perioada-de-tranzitie-pentru-epuizarea-stocurilor-existente-de-produse-din-plastic-de-unica-folosinta\\\/\"},\"author\":{\"name\":\"admin\",\"@id\":\"https:\\\/\\\/aram.org.ro\\\/#\\\/schema\\\/person\\\/30d4996e32cc2465615470b6e2bf113b\"},\"headline\":\"F\u0103r\u0103 perioad\u0103 de tranzi\u021bie pentru epuizarea stocurilor existente de produse din plastic de unic\u0103 folosin\u021b\u0103\",\"datePublished\":\"2021-08-26T18:02:00+00:00\",\"dateModified\":\"2023-04-27T18:05:34+00:00\",\"mainEntityOfPage\":{\"@id\":\"https:\\\/\\\/aram.org.ro\\\/fara-perioada-de-tranzitie-pentru-epuizarea-stocurilor-existente-de-produse-din-plastic-de-unica-folosinta\\\/\"},\"wordCount\":535,\"publisher\":{\"@id\":\"https:\\\/\\\/aram.org.ro\\\/#organization\"},\"image\":{\"@id\":\"https:\\\/\\\/aram.org.ro\\\/fara-perioada-de-tranzitie-pentru-epuizarea-stocurilor-existente-de-produse-din-plastic-de-unica-folosinta\\\/#primaryimage\"},\"thumbnailUrl\":\"https:\\\/\\\/aram.org.ro\\\/wp-content\\\/uploads\\\/2023\\\/04\\\/PET-1.png\",\"articleSection\":[\"Comunicate\"],\"inLanguage\":\"en-US\"},{\"@type\":\"WebPage\",\"@id\":\"https:\\\/\\\/aram.org.ro\\\/fara-perioada-de-tranzitie-pentru-epuizarea-stocurilor-existente-de-produse-din-plastic-de-unica-folosinta\\\/\",\"url\":\"https:\\\/\\\/aram.org.ro\\\/fara-perioada-de-tranzitie-pentru-epuizarea-stocurilor-existente-de-produse-din-plastic-de-unica-folosinta\\\/\",\"name\":\"F\u0103r\u0103 perioad\u0103 de tranzi\u021bie pentru epuizarea stocurilor existente de produse din plastic de unic\u0103 folosin\u021b\u0103 - ASOCIATIA ROMANA PENTRU AMBALAJE SI MEDIU\",\"isPartOf\":{\"@id\":\"https:\\\/\\\/aram.org.ro\\\/#website\"},\"primaryImageOfPage\":{\"@id\":\"https:\\\/\\\/aram.org.ro\\\/fara-perioada-de-tranzitie-pentru-epuizarea-stocurilor-existente-de-produse-din-plastic-de-unica-folosinta\\\/#primaryimage\"},\"image\":{\"@id\":\"https:\\\/\\\/aram.org.ro\\\/fara-perioada-de-tranzitie-pentru-epuizarea-stocurilor-existente-de-produse-din-plastic-de-unica-folosinta\\\/#primaryimage\"},\"thumbnailUrl\":\"https:\\\/\\\/aram.org.ro\\\/wp-content\\\/uploads\\\/2023\\\/04\\\/PET-1.png\",\"datePublished\":\"2021-08-26T18:02:00+00:00\",\"dateModified\":\"2023-04-27T18:05:34+00:00\",\"breadcrumb\":{\"@id\":\"https:\\\/\\\/aram.org.ro\\\/fara-perioada-de-tranzitie-pentru-epuizarea-stocurilor-existente-de-produse-din-plastic-de-unica-folosinta\\\/#breadcrumb\"},\"inLanguage\":\"en-US\",\"potentialAction\":[{\"@type\":\"ReadAction\",\"target\":[\"https:\\\/\\\/aram.org.ro\\\/fara-perioada-de-tranzitie-pentru-epuizarea-stocurilor-existente-de-produse-din-plastic-de-unica-folosinta\\\/\"]}]},{\"@type\":\"ImageObject\",\"inLanguage\":\"en-US\",\"@id\":\"https:\\\/\\\/aram.org.ro\\\/fara-perioada-de-tranzitie-pentru-epuizarea-stocurilor-existente-de-produse-din-plastic-de-unica-folosinta\\\/#primaryimage\",\"url\":\"https:\\\/\\\/aram.org.ro\\\/wp-content\\\/uploads\\\/2023\\\/04\\\/PET-1.png\",\"contentUrl\":\"https:\\\/\\\/aram.org.ro\\\/wp-content\\\/uploads\\\/2023\\\/04\\\/PET-1.png\",\"width\":1024,\"height\":512},{\"@type\":\"BreadcrumbList\",\"@id\":\"https:\\\/\\\/aram.org.ro\\\/fara-perioada-de-tranzitie-pentru-epuizarea-stocurilor-existente-de-produse-din-plastic-de-unica-folosinta\\\/#breadcrumb\",\"itemListElement\":[{\"@type\":\"ListItem\",\"position\":1,\"name\":\"Prima pagin\u0103\",\"item\":\"https:\\\/\\\/aram.org.ro\\\/\"},{\"@type\":\"ListItem\",\"position\":2,\"name\":\"F\u0103r\u0103 perioad\u0103 de tranzi\u021bie pentru epuizarea stocurilor existente de produse din plastic de unic\u0103 folosin\u021b\u0103\"}]},{\"@type\":\"WebSite\",\"@id\":\"https:\\\/\\\/aram.org.ro\\\/#website\",\"url\":\"https:\\\/\\\/aram.org.ro\\\/\",\"name\":\"ASOCIATIA ROMANA PENTRU AMBALAJE SI MEDIU\",\"description\":\"\",\"publisher\":{\"@id\":\"https:\\\/\\\/aram.org.ro\\\/#organization\"},\"potentialAction\":[{\"@type\":\"SearchAction\",\"target\":{\"@type\":\"EntryPoint\",\"urlTemplate\":\"https:\\\/\\\/aram.org.ro\\\/?s={search_term_string}\"},\"query-input\":{\"@type\":\"PropertyValueSpecification\",\"valueRequired\":true,\"valueName\":\"search_term_string\"}}],\"inLanguage\":\"en-US\"},{\"@type\":\"Organization\",\"@id\":\"https:\\\/\\\/aram.org.ro\\\/#organization\",\"name\":\"ASOCIATIA ROMANA PENTRU AMBALAJE SI MEDIU\",\"url\":\"https:\\\/\\\/aram.org.ro\\\/\",\"logo\":{\"@type\":\"ImageObject\",\"inLanguage\":\"en-US\",\"@id\":\"https:\\\/\\\/aram.org.ro\\\/#\\\/schema\\\/logo\\\/image\\\/\",\"url\":\"https:\\\/\\\/aram.org.ro\\\/wp-content\\\/uploads\\\/2023\\\/04\\\/ARAM.jpg\",\"contentUrl\":\"https:\\\/\\\/aram.org.ro\\\/wp-content\\\/uploads\\\/2023\\\/04\\\/ARAM.jpg\",\"width\":900,\"height\":506,\"caption\":\"ASOCIATIA ROMANA PENTRU AMBALAJE SI MEDIU\"},\"image\":{\"@id\":\"https:\\\/\\\/aram.org.ro\\\/#\\\/schema\\\/logo\\\/image\\\/\"},\"sameAs\":[\"https:\\\/\\\/www.linkedin.com\\\/company\\\/aram-packaging\",\"https:\\\/\\\/www.youtube.com\\\/channel\\\/UCHMMTIGZLhWpWwbb3YHeYzQ\"]},{\"@type\":\"Person\",\"@id\":\"https:\\\/\\\/aram.org.ro\\\/#\\\/schema\\\/person\\\/30d4996e32cc2465615470b6e2bf113b\",\"name\":\"admin\",\"image\":{\"@type\":\"ImageObject\",\"inLanguage\":\"en-US\",\"@id\":\"https:\\\/\\\/secure.gravatar.com\\\/avatar\\\/d243ff438bd53c2fe16819a305b117689db9f8a35b6c939d969736835241d7a8?s=96&d=mm&r=g\",\"url\":\"https:\\\/\\\/secure.gravatar.com\\\/avatar\\\/d243ff438bd53c2fe16819a305b117689db9f8a35b6c939d969736835241d7a8?s=96&d=mm&r=g\",\"contentUrl\":\"https:\\\/\\\/secure.gravatar.com\\\/avatar\\\/d243ff438bd53c2fe16819a305b117689db9f8a35b6c939d969736835241d7a8?s=96&d=mm&r=g\",\"caption\":\"admin\"},\"sameAs\":[\"https:\\\/\\\/aram.ionutbuha.com\"],\"url\":\"https:\\\/\\\/aram.org.ro\\\/en\\\/author\\\/admin_lb6kh012\\\/\"}]}<\/script>\n<!-- \/ Yoast SEO plugin. -->","yoast_head_json":{"title":"F\u0103r\u0103 perioad\u0103 de tranzi\u021bie pentru epuizarea stocurilor existente de produse din plastic de unic\u0103 folosin\u021b\u0103 - ASOCIATIA ROMANA PENTRU AMBALAJE SI MEDIU","robots":{"index":"noindex","follow":"follow","max-snippet":"max-snippet:-1","max-image-preview":"max-image-preview:large","max-video-preview":"max-video-preview:-1"},"og_locale":"en_US","og_type":"article","og_title":"F\u0103r\u0103 perioad\u0103 de tranzi\u021bie pentru epuizarea stocurilor existente de produse din plastic de unic\u0103 folosin\u021b\u0103 - ASOCIATIA ROMANA PENTRU AMBALAJE SI MEDIU","og_description":"Asocia\u021bia Rom\u00e2n\u0103 pentru Mediu \u0219i Ambalaje salut\u0103 transpunerea \u00een legisla\u021bia na\u021bional\u0103 a Directivei (UE) 2019\/904 privind reducerea impactului anumitor produse din plastic asupra mediului, \u00eens\u0103 atrage aten\u021bia c\u0103 nu este prev\u0103zut\u0103 \u0219i o perioad\u0103 de tranzi\u021bie pentru epuizare stocurilor existente. \u201eOdat\u0103 cu intrarea \u00een vigoare a ordonan\u021bei de transpunere, nu vor mai putea fi introduse","og_url":"https:\/\/aram.org.ro\/en\/fara-perioada-de-tranzitie-pentru-epuizarea-stocurilor-existente-de-produse-din-plastic-de-unica-folosinta\/","og_site_name":"ASOCIATIA ROMANA PENTRU AMBALAJE SI MEDIU","article_published_time":"2021-08-26T18:02:00+00:00","article_modified_time":"2023-04-27T18:05:34+00:00","og_image":[{"width":1024,"height":512,"url":"https:\/\/aram.org.ro\/wp-content\/uploads\/2023\/04\/PET-1.png","type":"image\/png"}],"author":"admin","twitter_card":"summary_large_image","twitter_misc":{"Written by":"admin","Est. reading time":"3 minutes"},"schema":{"@context":"https:\/\/schema.org","@graph":[{"@type":"Article","@id":"https:\/\/aram.org.ro\/fara-perioada-de-tranzitie-pentru-epuizarea-stocurilor-existente-de-produse-din-plastic-de-unica-folosinta\/#article","isPartOf":{"@id":"https:\/\/aram.org.ro\/fara-perioada-de-tranzitie-pentru-epuizarea-stocurilor-existente-de-produse-din-plastic-de-unica-folosinta\/"},"author":{"name":"admin","@id":"https:\/\/aram.org.ro\/#\/schema\/person\/30d4996e32cc2465615470b6e2bf113b"},"headline":"F\u0103r\u0103 perioad\u0103 de tranzi\u021bie pentru epuizarea stocurilor existente de produse din plastic de unic\u0103 folosin\u021b\u0103","datePublished":"2021-08-26T18:02:00+00:00","dateModified":"2023-04-27T18:05:34+00:00","mainEntityOfPage":{"@id":"https:\/\/aram.org.ro\/fara-perioada-de-tranzitie-pentru-epuizarea-stocurilor-existente-de-produse-din-plastic-de-unica-folosinta\/"},"wordCount":535,"publisher":{"@id":"https:\/\/aram.org.ro\/#organization"},"image":{"@id":"https:\/\/aram.org.ro\/fara-perioada-de-tranzitie-pentru-epuizarea-stocurilor-existente-de-produse-din-plastic-de-unica-folosinta\/#primaryimage"},"thumbnailUrl":"https:\/\/aram.org.ro\/wp-content\/uploads\/2023\/04\/PET-1.png","articleSection":["Comunicate"],"inLanguage":"en-US"},{"@type":"WebPage","@id":"https:\/\/aram.org.ro\/fara-perioada-de-tranzitie-pentru-epuizarea-stocurilor-existente-de-produse-din-plastic-de-unica-folosinta\/","url":"https:\/\/aram.org.ro\/fara-perioada-de-tranzitie-pentru-epuizarea-stocurilor-existente-de-produse-din-plastic-de-unica-folosinta\/","name":"F\u0103r\u0103 perioad\u0103 de tranzi\u021bie pentru epuizarea stocurilor existente de produse din plastic de unic\u0103 folosin\u021b\u0103 - ASOCIATIA ROMANA PENTRU AMBALAJE SI MEDIU","isPartOf":{"@id":"https:\/\/aram.org.ro\/#website"},"primaryImageOfPage":{"@id":"https:\/\/aram.org.ro\/fara-perioada-de-tranzitie-pentru-epuizarea-stocurilor-existente-de-produse-din-plastic-de-unica-folosinta\/#primaryimage"},"image":{"@id":"https:\/\/aram.org.ro\/fara-perioada-de-tranzitie-pentru-epuizarea-stocurilor-existente-de-produse-din-plastic-de-unica-folosinta\/#primaryimage"},"thumbnailUrl":"https:\/\/aram.org.ro\/wp-content\/uploads\/2023\/04\/PET-1.png","datePublished":"2021-08-26T18:02:00+00:00","dateModified":"2023-04-27T18:05:34+00:00","breadcrumb":{"@id":"https:\/\/aram.org.ro\/fara-perioada-de-tranzitie-pentru-epuizarea-stocurilor-existente-de-produse-din-plastic-de-unica-folosinta\/#breadcrumb"},"inLanguage":"en-US","potentialAction":[{"@type":"ReadAction","target":["https:\/\/aram.org.ro\/fara-perioada-de-tranzitie-pentru-epuizarea-stocurilor-existente-de-produse-din-plastic-de-unica-folosinta\/"]}]},{"@type":"ImageObject","inLanguage":"en-US","@id":"https:\/\/aram.org.ro\/fara-perioada-de-tranzitie-pentru-epuizarea-stocurilor-existente-de-produse-din-plastic-de-unica-folosinta\/#primaryimage","url":"https:\/\/aram.org.ro\/wp-content\/uploads\/2023\/04\/PET-1.png","contentUrl":"https:\/\/aram.org.ro\/wp-content\/uploads\/2023\/04\/PET-1.png","width":1024,"height":512},{"@type":"BreadcrumbList","@id":"https:\/\/aram.org.ro\/fara-perioada-de-tranzitie-pentru-epuizarea-stocurilor-existente-de-produse-din-plastic-de-unica-folosinta\/#breadcrumb","itemListElement":[{"@type":"ListItem","position":1,"name":"Prima pagin\u0103","item":"https:\/\/aram.org.ro\/"},{"@type":"ListItem","position":2,"name":"F\u0103r\u0103 perioad\u0103 de tranzi\u021bie pentru epuizarea stocurilor existente de produse din plastic de unic\u0103 folosin\u021b\u0103"}]},{"@type":"WebSite","@id":"https:\/\/aram.org.ro\/#website","url":"https:\/\/aram.org.ro\/","name":"ASOCIATIA ROMANA PENTRU AMBALAJE SI MEDIU","description":"","publisher":{"@id":"https:\/\/aram.org.ro\/#organization"},"potentialAction":[{"@type":"SearchAction","target":{"@type":"EntryPoint","urlTemplate":"https:\/\/aram.org.ro\/?s={search_term_string}"},"query-input":{"@type":"PropertyValueSpecification","valueRequired":true,"valueName":"search_term_string"}}],"inLanguage":"en-US"},{"@type":"Organization","@id":"https:\/\/aram.org.ro\/#organization","name":"ASOCIATIA ROMANA PENTRU AMBALAJE SI MEDIU","url":"https:\/\/aram.org.ro\/","logo":{"@type":"ImageObject","inLanguage":"en-US","@id":"https:\/\/aram.org.ro\/#\/schema\/logo\/image\/","url":"https:\/\/aram.org.ro\/wp-content\/uploads\/2023\/04\/ARAM.jpg","contentUrl":"https:\/\/aram.org.ro\/wp-content\/uploads\/2023\/04\/ARAM.jpg","width":900,"height":506,"caption":"ASOCIATIA ROMANA PENTRU AMBALAJE SI MEDIU"},"image":{"@id":"https:\/\/aram.org.ro\/#\/schema\/logo\/image\/"},"sameAs":["https:\/\/www.linkedin.com\/company\/aram-packaging","https:\/\/www.youtube.com\/channel\/UCHMMTIGZLhWpWwbb3YHeYzQ"]},{"@type":"Person","@id":"https:\/\/aram.org.ro\/#\/schema\/person\/30d4996e32cc2465615470b6e2bf113b","name":"admin","image":{"@type":"ImageObject","inLanguage":"en-US","@id":"https:\/\/secure.gravatar.com\/avatar\/d243ff438bd53c2fe16819a305b117689db9f8a35b6c939d969736835241d7a8?s=96&d=mm&r=g","url":"https:\/\/secure.gravatar.com\/avatar\/d243ff438bd53c2fe16819a305b117689db9f8a35b6c939d969736835241d7a8?s=96&d=mm&r=g","contentUrl":"https:\/\/secure.gravatar.com\/avatar\/d243ff438bd53c2fe16819a305b117689db9f8a35b6c939d969736835241d7a8?s=96&d=mm&r=g","caption":"admin"},"sameAs":["https:\/\/aram.ionutbuha.com"],"url":"https:\/\/aram.org.ro\/en\/author\/admin_lb6kh012\/"}]}},"_links":{"self":[{"href":"https:\/\/aram.org.ro\/en\/wp-json\/wp\/v2\/posts\/2392","targetHints":{"allow":["GET"]}}],"collection":[{"href":"https:\/\/aram.org.ro\/en\/wp-json\/wp\/v2\/posts"}],"about":[{"href":"https:\/\/aram.org.ro\/en\/wp-json\/wp\/v2\/types\/post"}],"author":[{"embeddable":true,"href":"https:\/\/aram.org.ro\/en\/wp-json\/wp\/v2\/users\/1"}],"replies":[{"embeddable":true,"href":"https:\/\/aram.org.ro\/en\/wp-json\/wp\/v2\/comments?post=2392"}],"version-history":[{"count":1,"href":"https:\/\/aram.org.ro\/en\/wp-json\/wp\/v2\/posts\/2392\/revisions"}],"predecessor-version":[{"id":2394,"href":"https:\/\/aram.org.ro\/en\/wp-json\/wp\/v2\/posts\/2392\/revisions\/2394"}],"wp:featuredmedia":[{"embeddable":true,"href":"https:\/\/aram.org.ro\/en\/wp-json\/wp\/v2\/media\/2393"}],"wp:attachment":[{"href":"https:\/\/aram.org.ro\/en\/wp-json\/wp\/v2\/media?parent=2392"}],"wp:term":[{"taxonomy":"category","embeddable":true,"href":"https:\/\/aram.org.ro\/en\/wp-json\/wp\/v2\/categories?post=2392"},{"taxonomy":"post_tag","embeddable":true,"href":"https:\/\/aram.org.ro\/en\/wp-json\/wp\/v2\/tags?post=2392"}],"curies":[{"name":"wp","href":"https:\/\/api.w.org\/{rel}","templated":true}]}}