{"id":2384,"date":"2021-07-28T19:23:00","date_gmt":"2021-07-28T17:23:00","guid":{"rendered":"https:\/\/aram.ionutbuha.com\/?p=2384"},"modified":"2023-04-27T19:36:56","modified_gmt":"2023-04-27T17:36:56","slug":"ministerul-pregateste-transpunerea-directivei-sup-antreprenorii-horeca-migreaza-deja-catre-ambalaje-reciclabile","status":"publish","type":"post","link":"https:\/\/aram.org.ro\/en\/ministerul-pregateste-transpunerea-directivei-sup-antreprenorii-horeca-migreaza-deja-catre-ambalaje-reciclabile\/","title":{"rendered":"The Ministry of Environment is ready to implement SUPD requirements"},"content":{"rendered":"<p><strong>Ministrul Mediului, Apelor \u0219i P\u0103durilor a anun\u021bat \u00een cadrul conferin\u021bei \u201cImplementarea Directivei Single-Use Plastics. C\u00e2nd, cum \u0219i cu ce cost?\u201d, organizat\u0103 de Green Report, c\u0103 proiecul Ordonan\u021bei de Urgen\u021b\u0103 care va reglementa implementarea la nivel na\u021bional a Directivei 2019\/904 privind reducerea impactului anumitor produse din plastic asupra mediului (Directiva SUP) a intrat \u00een circuitul de avizare. Acesta a precizat c\u0103 varianta pe care ministerul mediului o propune este o transpunere exact\u0103 a directivei, iar stocurile existente la nivelul comercian\u021bilor pot fi epuizate f\u0103r\u0103 a stabili un termen limit\u0103.<\/strong><\/p>\n\n\n\n<blockquote class=\"wp-block-quote is-layout-flow wp-block-quote-is-layout-flow\">\n<p><em><em>\u201eAv\u00e2nd \u00een vedere complexitatea modalit\u0103\u021bii de stabilire a stocurilor lucrul cel mai simplu este implementarea principiului de prim\u0103 tranzac\u021bionare, adic\u0103 \u00een momentul intr\u0103rii \u00een vigoare a actului nomativ, stocurile nu mai pot fi majorate. Stocurile existente la nivelul comercian\u021bilor pot fi epuizate f\u0103r\u0103 a stabili un termen limit\u0103, \u00eens\u0103 \u00een afar\u0103 de cantit\u0103\u021bile care au fost deja puse pe pia\u021b\u0103 nu se pot produce alte cantit\u0103\u021bi \u00een Rom\u00e2nia, pentru pia\u021ba european\u0103. Este important de subliniat c\u0103 oricine face produc\u021bie pentru ter\u021be pie\u021be este liber s\u0103 o fac\u0103 \u0219i nu exist\u0103 restric\u021bii de export, de exemplu, dar m\u0103surile de reducere a consumului, cerin\u021bele privind produsele \u0219i de marcare, r\u0103spunderea extins\u0103 a produc\u0103torilor sunt transpuse \u00een legisla\u021bia na\u021bional\u0103 exact a\u0219a cum sunt propuse prin directiv\u0103\u201d,\u00a0<\/em>a declarat ministrul Barna Tanczos \u00een cadrul conferin\u021bei.<\/em><\/p>\n<\/blockquote>\n\n\n\n<figure class=\"wp-block-image size-full\"><img loading=\"lazy\" decoding=\"async\" width=\"800\" height=\"533\" src=\"https:\/\/aram.ionutbuha.com\/wp-content\/uploads\/2023\/04\/217366738_2955651644755675_3899594161113475883_n-e1627387828654.jpg\" alt=\"\" class=\"wp-image-2386\" srcset=\"https:\/\/aram.org.ro\/wp-content\/uploads\/2023\/04\/217366738_2955651644755675_3899594161113475883_n-e1627387828654.jpg 800w, https:\/\/aram.org.ro\/wp-content\/uploads\/2023\/04\/217366738_2955651644755675_3899594161113475883_n-e1627387828654-300x200.jpg 300w, https:\/\/aram.org.ro\/wp-content\/uploads\/2023\/04\/217366738_2955651644755675_3899594161113475883_n-e1627387828654-768x512.jpg 768w, https:\/\/aram.org.ro\/wp-content\/uploads\/2023\/04\/217366738_2955651644755675_3899594161113475883_n-e1627387828654-391x260.jpg 391w, https:\/\/aram.org.ro\/wp-content\/uploads\/2023\/04\/217366738_2955651644755675_3899594161113475883_n-e1627387828654-18x12.jpg 18w, https:\/\/aram.org.ro\/wp-content\/uploads\/2023\/04\/217366738_2955651644755675_3899594161113475883_n-e1627387828654-750x500.jpg 750w, https:\/\/aram.org.ro\/wp-content\/uploads\/2023\/04\/217366738_2955651644755675_3899594161113475883_n-e1627387828654-272x182.jpg 272w, https:\/\/aram.org.ro\/wp-content\/uploads\/2023\/04\/217366738_2955651644755675_3899594161113475883_n-e1627387828654-720x480.jpg 720w\" sizes=\"auto, (max-width: 800px) 100vw, 800px\" \/><\/figure>\n\n\n\n<p>Barna Tanczos, ministrul Mediului, Apelor \u0219i P\u0103durilor<\/p>\n\n\n\n<p>Acesta a explicat c\u0103 \u00een redactarea proiectului de act normativ s-au preluat exact acelea\u0219i\u00a0<a href=\"https:\/\/green-report.ro\/controale-piete-pungi-plastic\/\">produse care sunt definite \u00een Directiv\u0103 pentru interdic\u021bie sau pentru reducere treptat\u0103<\/a>, dar \u0219i exact acelea\u0219i obliga\u021bii.<\/p>\n\n\n\n<h2 class=\"wp-block-heading\">Recipientele din polistiren expandat, primele eliminate sub efectul Directivei plasticului de unic\u0103 folosin\u021b\u0103<\/h2>\n\n\n\n<blockquote class=\"wp-block-quote is-layout-flow wp-block-quote-is-layout-flow\">\n<p><em>\u201eAr fi bine s\u0103 specific\u0103m c\u0103 va fi interzis\u0103 punerea \u00een pia\u021b\u0103 a recipientelor pentru alimente \u0219i b\u0103uturi din polistiren expandat\u201d<\/em>, a declarat \u00een cadrul dezbaterii Alin Vi\u0219an, pre\u0219edintele Asocia\u021biei Rom\u00e2ne pentru Ambalaje \u0219i Mediu (ARAM).\u00a0<em>\u201eDoar aceste vor intra sub efectul SUP din prima, de la momentul implement\u0103rii legii. \u00cens\u0103 vor putea fi folosite \u00een continuare recipiente pentru alimente din plastic sub condi\u021bia reducerii cantit\u0103\u021bilor folosite\u201d<\/em>.<\/p>\n<\/blockquote>\n\n\n\n<figure class=\"wp-block-image size-full\"><img loading=\"lazy\" decoding=\"async\" width=\"800\" height=\"701\" src=\"https:\/\/aram.ionutbuha.com\/wp-content\/uploads\/2023\/04\/103849805_10158331187641171_2155744248834159726_n.jpg\" alt=\"\" class=\"wp-image-2387\" srcset=\"https:\/\/aram.org.ro\/wp-content\/uploads\/2023\/04\/103849805_10158331187641171_2155744248834159726_n.jpg 800w, https:\/\/aram.org.ro\/wp-content\/uploads\/2023\/04\/103849805_10158331187641171_2155744248834159726_n-300x263.jpg 300w, https:\/\/aram.org.ro\/wp-content\/uploads\/2023\/04\/103849805_10158331187641171_2155744248834159726_n-768x673.jpg 768w, https:\/\/aram.org.ro\/wp-content\/uploads\/2023\/04\/103849805_10158331187641171_2155744248834159726_n-14x12.jpg 14w, https:\/\/aram.org.ro\/wp-content\/uploads\/2023\/04\/103849805_10158331187641171_2155744248834159726_n-750x657.jpg 750w\" sizes=\"auto, (max-width: 800px) 100vw, 800px\" \/><\/figure>\n\n\n\n<p>Alin Vi\u0219an, pre\u0219edintele Asocia\u021biei Rom\u00e2ne pentru Ambalaje \u0219i Mediu<\/p>\n\n\n\n<p><br>Potrivit pre\u0219edintelui ARAM, reducerea cantit\u0103\u021bilor va fi gradual\u0103, \u00eencep\u00e2nd cu anul 2023 cu 5%, urm\u00e2nd ca ulterior s\u0103 creasc\u0103 progresiv p\u00e2n\u0103 la 20% \u00een anul 2026. Cumulat, reduc\u00e2nd practic cu jum\u0103tate cantitatea pus\u0103 acum \u00een pia\u021b\u0103.<\/p>\n\n\n\n<blockquote class=\"wp-block-quote is-layout-flow wp-block-quote-is-layout-flow\">\n<p><em>\u201eUn instrument foarte bun va fi \u0219i aceast\u0103 specificare a pre\u021bului pentru consumator. Nu va mai putea fi dat gratuit cu m\u00e2ncarea ci va avea pre\u021b separat. \u00cens\u0103, foarte important este ce alternativ\u0103 putem s\u0103 oferim? Cum putem s\u0103 facem trecerea de la aceste recipient din plastic la recipiente din alte material sau care s\u0103 con\u021bin\u0103 alternative reutilizabile sau deloc?\u201d,\u00a0<\/em>a mai spus Alin Vi\u0219an<em>.<\/em><\/p>\n<\/blockquote>\n\n\n\n<h2 class=\"wp-block-heading\">Orientare treptat\u0103 c\u0103tre ambalajele reciclabile \u0219i biodegradabile<\/h2>\n\n\n\n<p>O parte din reprezentan\u021bii sectorului HoReCa, un sector care va fi afectat direct de prevederile proiectului de act normativ pentru implementarea la nivel na\u021bional a prevederilor Directivei SUP, au \u00eenceput deja s\u0103 foloseasc\u0103 \u0219i s\u0103 testeze diferinte ambalaje \u0219i recipiente destinate m\u00e2nc\u0103rii livrate pentru a fi preg\u0103ti\u021bi din timp pentru modific\u0103rile legislative.<\/p>\n\n\n\n<blockquote class=\"wp-block-quote is-layout-flow wp-block-quote-is-layout-flow\">\n<p><em>\u201eAcum suntem \u00een perioada mixt\u0103 c\u00e2nd epuiz\u0103m ultimele caserole de plastic din stocurile vechi \u0219i ne mut\u0103m treptat c\u0103tre cele biodegradabile. \u00cenlocuirea e treptat\u0103 \u0219i lent\u0103 pentru c\u0103 am testat diversele variante disponibile pe pia\u021b\u0103 pentru a le verifica rezisten\u021ba \u00een timp (\u2026)\u00a0Nu putem renun\u021ba la ambalajele de unic\u0103 folosin\u021b\u0103, \u00eens\u0103 \u00een B\u0103c\u0103nia din Barbu V\u0103c\u0103rescu am \u00eenceput s\u0103 avem clien\u021bi care vin cu ambalajele de acas\u0103\u201d<\/em>, a declarat pentru Green Report, Marius Tudosiei, proprietarul B\u0103c\u0103nia Veche.<\/p>\n<\/blockquote>\n\n\n\n<figure class=\"wp-block-image size-full\"><img loading=\"lazy\" decoding=\"async\" width=\"800\" height=\"816\" src=\"https:\/\/aram.ionutbuha.com\/wp-content\/uploads\/2023\/04\/26221152_1964485537133072_7814067732867592812_o.jpg\" alt=\"\" class=\"wp-image-2388\" srcset=\"https:\/\/aram.org.ro\/wp-content\/uploads\/2023\/04\/26221152_1964485537133072_7814067732867592812_o.jpg 800w, https:\/\/aram.org.ro\/wp-content\/uploads\/2023\/04\/26221152_1964485537133072_7814067732867592812_o-294x300.jpg 294w, https:\/\/aram.org.ro\/wp-content\/uploads\/2023\/04\/26221152_1964485537133072_7814067732867592812_o-768x783.jpg 768w, https:\/\/aram.org.ro\/wp-content\/uploads\/2023\/04\/26221152_1964485537133072_7814067732867592812_o-12x12.jpg 12w, https:\/\/aram.org.ro\/wp-content\/uploads\/2023\/04\/26221152_1964485537133072_7814067732867592812_o-750x765.jpg 750w\" sizes=\"auto, (max-width: 800px) 100vw, 800px\" \/><\/figure>\n\n\n\n<p>Marius Tudosiei, proprietarul B\u0103c\u0103nia Veche<\/p>\n\n\n\n<p>Acesta a ad\u0103ugat c\u0103 \u00een privin\u021ba ambalajelor mari, angaja\u021bii B\u0103c\u0103nia Veche au folosit mereu pungi de h\u00e2rtie, iar de c\u00e2nd au \u00eenceput livrarile, av\u00e2nd bistroul \u00eenchis, au folosit pungi sigilabile de transport de tip \u201cM\u00e2ncare curat\u0103\u201d f\u0103cute din material 100% reciclabil.<\/p>\n\n\n\n<blockquote class=\"wp-block-quote is-layout-flow wp-block-quote-is-layout-flow\">\n<p><em>\u201eDin p\u0103cate, valul dorin\u021bei de a ne muta c\u0103tre ambalaje reciclabile sau biodegradabile a adus cu sine ni\u0219te ambalaje de proast\u0103 calitate, care \u00een contact cu m\u00e2ncarea cald\u0103 \u0219i umed\u0103 produc deja celebra aroma de \u201ec\u00e2ine-ud-\u00een-ploaia-de-noiembrie\u201d. Unele se dezmembreaz\u0103 \u00een c\u00e2teva minute, altele \u00eencep s\u0103 curg\u0103 \u00een maximum o or\u0103\u201d<\/em>, a explicat Tudosiei.<\/p>\n<\/blockquote>\n\n\n\n<p>Referindu-se la costurile pe care noile ambalaje le-ar avea, Marius Tudosiei a spus c\u0103 acesta sunt mai scumpe cu aproximativ 18 bani \u00een plus per unitate, o sum\u0103 considerat\u0103 nesemnificativ\u0103 \u0219i care poate fi suportat\u0103.<\/p>\n\n\n\n<p>sursa: <a href=\"https:\/\/green-report.ro\/directiva-sup-horeca-ambalaje-biodegradabile\/\" target=\"_blank\" rel=\"noreferrer noopener\">https:\/\/green-report.ro\/directiva-sup-horeca-ambalaje-biodegradabile\/<\/a><\/p>","protected":false},"excerpt":{"rendered":"<p>Ministrul Mediului, Apelor \u0219i P\u0103durilor a anun\u021bat \u00een cadrul conferin\u021bei \u201cImplementarea Directivei Single-Use Plastics. C\u00e2nd, cum \u0219i cu ce cost?\u201d, organizat\u0103 de Green Report, c\u0103 proiecul Ordonan\u021bei de Urgen\u021b\u0103 care va reglementa implementarea la nivel na\u021bional a Directivei 2019\/904 privind reducerea impactului anumitor produse din plastic asupra mediului (Directiva SUP) a intrat \u00een circuitul de<\/p>","protected":false},"author":1,"featured_media":2385,"comment_status":"closed","ping_status":"closed","sticky":false,"template":"","format":"standard","meta":{"footnotes":""},"categories":[1],"tags":[],"class_list":["post-2384","post","type-post","status-publish","format-standard","has-post-thumbnail","hentry","category-comunicate"],"yoast_head":"<!-- This site is optimized with the Yoast SEO plugin v27.5 - https:\/\/yoast.com\/product\/yoast-seo-wordpress\/ -->\n<title>Ministerul preg\u0103te\u0219te transpunerea Directivei SUP. Antreprenorii HoReCa migreaz\u0103 deja c\u0103tre ambalaje reciclabile - ASOCIATIA ROMANA PENTRU AMBALAJE SI MEDIU<\/title>\n<meta name=\"robots\" content=\"noindex, follow, max-snippet:-1, max-image-preview:large, max-video-preview:-1\" \/>\n<meta property=\"og:locale\" content=\"en_US\" \/>\n<meta property=\"og:type\" content=\"article\" \/>\n<meta property=\"og:title\" content=\"Ministerul preg\u0103te\u0219te transpunerea Directivei SUP. Antreprenorii HoReCa migreaz\u0103 deja c\u0103tre ambalaje reciclabile - ASOCIATIA ROMANA PENTRU AMBALAJE SI MEDIU\" \/>\n<meta property=\"og:description\" content=\"Ministrul Mediului, Apelor \u0219i P\u0103durilor a anun\u021bat \u00een cadrul conferin\u021bei \u201cImplementarea Directivei Single-Use Plastics. C\u00e2nd, cum \u0219i cu ce cost?\u201d, organizat\u0103 de Green Report, c\u0103 proiecul Ordonan\u021bei de Urgen\u021b\u0103 care va reglementa implementarea la nivel na\u021bional a Directivei 2019\/904 privind reducerea impactului anumitor produse din plastic asupra mediului (Directiva SUP) a intrat \u00een circuitul de\" \/>\n<meta property=\"og:url\" content=\"https:\/\/aram.org.ro\/en\/ministerul-pregateste-transpunerea-directivei-sup-antreprenorii-horeca-migreaza-deja-catre-ambalaje-reciclabile\/\" \/>\n<meta property=\"og:site_name\" content=\"ASOCIATIA ROMANA PENTRU AMBALAJE SI MEDIU\" \/>\n<meta property=\"article:published_time\" content=\"2021-07-28T17:23:00+00:00\" \/>\n<meta property=\"article:modified_time\" content=\"2023-04-27T17:36:56+00:00\" \/>\n<meta property=\"og:image\" content=\"https:\/\/aram.org.ro\/wp-content\/uploads\/2023\/04\/ministerul-pregateste.jpg\" \/>\n\t<meta property=\"og:image:width\" content=\"740\" \/>\n\t<meta property=\"og:image:height\" content=\"520\" \/>\n\t<meta property=\"og:image:type\" content=\"image\/jpeg\" \/>\n<meta name=\"author\" content=\"admin\" \/>\n<meta name=\"twitter:card\" content=\"summary_large_image\" \/>\n<meta name=\"twitter:label1\" content=\"Written by\" \/>\n\t<meta name=\"twitter:data1\" content=\"admin\" \/>\n\t<meta name=\"twitter:label2\" content=\"Est. reading time\" \/>\n\t<meta name=\"twitter:data2\" content=\"5 minutes\" \/>\n<script type=\"application\/ld+json\" class=\"yoast-schema-graph\">{\"@context\":\"https:\\\/\\\/schema.org\",\"@graph\":[{\"@type\":\"Article\",\"@id\":\"https:\\\/\\\/aram.org.ro\\\/ministerul-pregateste-transpunerea-directivei-sup-antreprenorii-horeca-migreaza-deja-catre-ambalaje-reciclabile\\\/#article\",\"isPartOf\":{\"@id\":\"https:\\\/\\\/aram.org.ro\\\/ministerul-pregateste-transpunerea-directivei-sup-antreprenorii-horeca-migreaza-deja-catre-ambalaje-reciclabile\\\/\"},\"author\":{\"name\":\"admin\",\"@id\":\"https:\\\/\\\/aram.org.ro\\\/#\\\/schema\\\/person\\\/30d4996e32cc2465615470b6e2bf113b\"},\"headline\":\"Ministerul preg\u0103te\u0219te transpunerea Directivei SUP. Antreprenorii HoReCa migreaz\u0103 deja c\u0103tre ambalaje reciclabile\",\"datePublished\":\"2021-07-28T17:23:00+00:00\",\"dateModified\":\"2023-04-27T17:36:56+00:00\",\"mainEntityOfPage\":{\"@id\":\"https:\\\/\\\/aram.org.ro\\\/ministerul-pregateste-transpunerea-directivei-sup-antreprenorii-horeca-migreaza-deja-catre-ambalaje-reciclabile\\\/\"},\"wordCount\":830,\"publisher\":{\"@id\":\"https:\\\/\\\/aram.org.ro\\\/#organization\"},\"image\":{\"@id\":\"https:\\\/\\\/aram.org.ro\\\/ministerul-pregateste-transpunerea-directivei-sup-antreprenorii-horeca-migreaza-deja-catre-ambalaje-reciclabile\\\/#primaryimage\"},\"thumbnailUrl\":\"https:\\\/\\\/aram.org.ro\\\/wp-content\\\/uploads\\\/2023\\\/04\\\/ministerul-pregateste.jpg\",\"articleSection\":[\"Comunicate\"],\"inLanguage\":\"en-US\"},{\"@type\":\"WebPage\",\"@id\":\"https:\\\/\\\/aram.org.ro\\\/ministerul-pregateste-transpunerea-directivei-sup-antreprenorii-horeca-migreaza-deja-catre-ambalaje-reciclabile\\\/\",\"url\":\"https:\\\/\\\/aram.org.ro\\\/ministerul-pregateste-transpunerea-directivei-sup-antreprenorii-horeca-migreaza-deja-catre-ambalaje-reciclabile\\\/\",\"name\":\"Ministerul preg\u0103te\u0219te transpunerea Directivei SUP. Antreprenorii HoReCa migreaz\u0103 deja c\u0103tre ambalaje reciclabile - ASOCIATIA ROMANA PENTRU AMBALAJE SI MEDIU\",\"isPartOf\":{\"@id\":\"https:\\\/\\\/aram.org.ro\\\/#website\"},\"primaryImageOfPage\":{\"@id\":\"https:\\\/\\\/aram.org.ro\\\/ministerul-pregateste-transpunerea-directivei-sup-antreprenorii-horeca-migreaza-deja-catre-ambalaje-reciclabile\\\/#primaryimage\"},\"image\":{\"@id\":\"https:\\\/\\\/aram.org.ro\\\/ministerul-pregateste-transpunerea-directivei-sup-antreprenorii-horeca-migreaza-deja-catre-ambalaje-reciclabile\\\/#primaryimage\"},\"thumbnailUrl\":\"https:\\\/\\\/aram.org.ro\\\/wp-content\\\/uploads\\\/2023\\\/04\\\/ministerul-pregateste.jpg\",\"datePublished\":\"2021-07-28T17:23:00+00:00\",\"dateModified\":\"2023-04-27T17:36:56+00:00\",\"breadcrumb\":{\"@id\":\"https:\\\/\\\/aram.org.ro\\\/ministerul-pregateste-transpunerea-directivei-sup-antreprenorii-horeca-migreaza-deja-catre-ambalaje-reciclabile\\\/#breadcrumb\"},\"inLanguage\":\"en-US\",\"potentialAction\":[{\"@type\":\"ReadAction\",\"target\":[\"https:\\\/\\\/aram.org.ro\\\/ministerul-pregateste-transpunerea-directivei-sup-antreprenorii-horeca-migreaza-deja-catre-ambalaje-reciclabile\\\/\"]}]},{\"@type\":\"ImageObject\",\"inLanguage\":\"en-US\",\"@id\":\"https:\\\/\\\/aram.org.ro\\\/ministerul-pregateste-transpunerea-directivei-sup-antreprenorii-horeca-migreaza-deja-catre-ambalaje-reciclabile\\\/#primaryimage\",\"url\":\"https:\\\/\\\/aram.org.ro\\\/wp-content\\\/uploads\\\/2023\\\/04\\\/ministerul-pregateste.jpg\",\"contentUrl\":\"https:\\\/\\\/aram.org.ro\\\/wp-content\\\/uploads\\\/2023\\\/04\\\/ministerul-pregateste.jpg\",\"width\":740,\"height\":520},{\"@type\":\"BreadcrumbList\",\"@id\":\"https:\\\/\\\/aram.org.ro\\\/ministerul-pregateste-transpunerea-directivei-sup-antreprenorii-horeca-migreaza-deja-catre-ambalaje-reciclabile\\\/#breadcrumb\",\"itemListElement\":[{\"@type\":\"ListItem\",\"position\":1,\"name\":\"Prima pagin\u0103\",\"item\":\"https:\\\/\\\/aram.org.ro\\\/\"},{\"@type\":\"ListItem\",\"position\":2,\"name\":\"Ministerul preg\u0103te\u0219te transpunerea Directivei SUP. Antreprenorii HoReCa migreaz\u0103 deja c\u0103tre ambalaje reciclabile\"}]},{\"@type\":\"WebSite\",\"@id\":\"https:\\\/\\\/aram.org.ro\\\/#website\",\"url\":\"https:\\\/\\\/aram.org.ro\\\/\",\"name\":\"ASOCIATIA ROMANA PENTRU AMBALAJE SI MEDIU\",\"description\":\"\",\"publisher\":{\"@id\":\"https:\\\/\\\/aram.org.ro\\\/#organization\"},\"potentialAction\":[{\"@type\":\"SearchAction\",\"target\":{\"@type\":\"EntryPoint\",\"urlTemplate\":\"https:\\\/\\\/aram.org.ro\\\/?s={search_term_string}\"},\"query-input\":{\"@type\":\"PropertyValueSpecification\",\"valueRequired\":true,\"valueName\":\"search_term_string\"}}],\"inLanguage\":\"en-US\"},{\"@type\":\"Organization\",\"@id\":\"https:\\\/\\\/aram.org.ro\\\/#organization\",\"name\":\"ASOCIATIA ROMANA PENTRU AMBALAJE SI MEDIU\",\"url\":\"https:\\\/\\\/aram.org.ro\\\/\",\"logo\":{\"@type\":\"ImageObject\",\"inLanguage\":\"en-US\",\"@id\":\"https:\\\/\\\/aram.org.ro\\\/#\\\/schema\\\/logo\\\/image\\\/\",\"url\":\"https:\\\/\\\/aram.org.ro\\\/wp-content\\\/uploads\\\/2023\\\/04\\\/ARAM.jpg\",\"contentUrl\":\"https:\\\/\\\/aram.org.ro\\\/wp-content\\\/uploads\\\/2023\\\/04\\\/ARAM.jpg\",\"width\":900,\"height\":506,\"caption\":\"ASOCIATIA ROMANA PENTRU AMBALAJE SI MEDIU\"},\"image\":{\"@id\":\"https:\\\/\\\/aram.org.ro\\\/#\\\/schema\\\/logo\\\/image\\\/\"},\"sameAs\":[\"https:\\\/\\\/www.linkedin.com\\\/company\\\/aram-packaging\",\"https:\\\/\\\/www.youtube.com\\\/channel\\\/UCHMMTIGZLhWpWwbb3YHeYzQ\"]},{\"@type\":\"Person\",\"@id\":\"https:\\\/\\\/aram.org.ro\\\/#\\\/schema\\\/person\\\/30d4996e32cc2465615470b6e2bf113b\",\"name\":\"admin\",\"image\":{\"@type\":\"ImageObject\",\"inLanguage\":\"en-US\",\"@id\":\"https:\\\/\\\/secure.gravatar.com\\\/avatar\\\/d243ff438bd53c2fe16819a305b117689db9f8a35b6c939d969736835241d7a8?s=96&d=mm&r=g\",\"url\":\"https:\\\/\\\/secure.gravatar.com\\\/avatar\\\/d243ff438bd53c2fe16819a305b117689db9f8a35b6c939d969736835241d7a8?s=96&d=mm&r=g\",\"contentUrl\":\"https:\\\/\\\/secure.gravatar.com\\\/avatar\\\/d243ff438bd53c2fe16819a305b117689db9f8a35b6c939d969736835241d7a8?s=96&d=mm&r=g\",\"caption\":\"admin\"},\"sameAs\":[\"https:\\\/\\\/aram.ionutbuha.com\"],\"url\":\"https:\\\/\\\/aram.org.ro\\\/en\\\/author\\\/admin_lb6kh012\\\/\"}]}<\/script>\n<!-- \/ Yoast SEO plugin. -->","yoast_head_json":{"title":"Ministerul preg\u0103te\u0219te transpunerea Directivei SUP. Antreprenorii HoReCa migreaz\u0103 deja c\u0103tre ambalaje reciclabile - ASOCIATIA ROMANA PENTRU AMBALAJE SI MEDIU","robots":{"index":"noindex","follow":"follow","max-snippet":"max-snippet:-1","max-image-preview":"max-image-preview:large","max-video-preview":"max-video-preview:-1"},"og_locale":"en_US","og_type":"article","og_title":"Ministerul preg\u0103te\u0219te transpunerea Directivei SUP. Antreprenorii HoReCa migreaz\u0103 deja c\u0103tre ambalaje reciclabile - ASOCIATIA ROMANA PENTRU AMBALAJE SI MEDIU","og_description":"Ministrul Mediului, Apelor \u0219i P\u0103durilor a anun\u021bat \u00een cadrul conferin\u021bei \u201cImplementarea Directivei Single-Use Plastics. C\u00e2nd, cum \u0219i cu ce cost?\u201d, organizat\u0103 de Green Report, c\u0103 proiecul Ordonan\u021bei de Urgen\u021b\u0103 care va reglementa implementarea la nivel na\u021bional a Directivei 2019\/904 privind reducerea impactului anumitor produse din plastic asupra mediului (Directiva SUP) a intrat \u00een circuitul de","og_url":"https:\/\/aram.org.ro\/en\/ministerul-pregateste-transpunerea-directivei-sup-antreprenorii-horeca-migreaza-deja-catre-ambalaje-reciclabile\/","og_site_name":"ASOCIATIA ROMANA PENTRU AMBALAJE SI MEDIU","article_published_time":"2021-07-28T17:23:00+00:00","article_modified_time":"2023-04-27T17:36:56+00:00","og_image":[{"width":740,"height":520,"url":"https:\/\/aram.org.ro\/wp-content\/uploads\/2023\/04\/ministerul-pregateste.jpg","type":"image\/jpeg"}],"author":"admin","twitter_card":"summary_large_image","twitter_misc":{"Written by":"admin","Est. reading time":"5 minutes"},"schema":{"@context":"https:\/\/schema.org","@graph":[{"@type":"Article","@id":"https:\/\/aram.org.ro\/ministerul-pregateste-transpunerea-directivei-sup-antreprenorii-horeca-migreaza-deja-catre-ambalaje-reciclabile\/#article","isPartOf":{"@id":"https:\/\/aram.org.ro\/ministerul-pregateste-transpunerea-directivei-sup-antreprenorii-horeca-migreaza-deja-catre-ambalaje-reciclabile\/"},"author":{"name":"admin","@id":"https:\/\/aram.org.ro\/#\/schema\/person\/30d4996e32cc2465615470b6e2bf113b"},"headline":"Ministerul preg\u0103te\u0219te transpunerea Directivei SUP. Antreprenorii HoReCa migreaz\u0103 deja c\u0103tre ambalaje reciclabile","datePublished":"2021-07-28T17:23:00+00:00","dateModified":"2023-04-27T17:36:56+00:00","mainEntityOfPage":{"@id":"https:\/\/aram.org.ro\/ministerul-pregateste-transpunerea-directivei-sup-antreprenorii-horeca-migreaza-deja-catre-ambalaje-reciclabile\/"},"wordCount":830,"publisher":{"@id":"https:\/\/aram.org.ro\/#organization"},"image":{"@id":"https:\/\/aram.org.ro\/ministerul-pregateste-transpunerea-directivei-sup-antreprenorii-horeca-migreaza-deja-catre-ambalaje-reciclabile\/#primaryimage"},"thumbnailUrl":"https:\/\/aram.org.ro\/wp-content\/uploads\/2023\/04\/ministerul-pregateste.jpg","articleSection":["Comunicate"],"inLanguage":"en-US"},{"@type":"WebPage","@id":"https:\/\/aram.org.ro\/ministerul-pregateste-transpunerea-directivei-sup-antreprenorii-horeca-migreaza-deja-catre-ambalaje-reciclabile\/","url":"https:\/\/aram.org.ro\/ministerul-pregateste-transpunerea-directivei-sup-antreprenorii-horeca-migreaza-deja-catre-ambalaje-reciclabile\/","name":"Ministerul preg\u0103te\u0219te transpunerea Directivei SUP. Antreprenorii HoReCa migreaz\u0103 deja c\u0103tre ambalaje reciclabile - ASOCIATIA ROMANA PENTRU AMBALAJE SI MEDIU","isPartOf":{"@id":"https:\/\/aram.org.ro\/#website"},"primaryImageOfPage":{"@id":"https:\/\/aram.org.ro\/ministerul-pregateste-transpunerea-directivei-sup-antreprenorii-horeca-migreaza-deja-catre-ambalaje-reciclabile\/#primaryimage"},"image":{"@id":"https:\/\/aram.org.ro\/ministerul-pregateste-transpunerea-directivei-sup-antreprenorii-horeca-migreaza-deja-catre-ambalaje-reciclabile\/#primaryimage"},"thumbnailUrl":"https:\/\/aram.org.ro\/wp-content\/uploads\/2023\/04\/ministerul-pregateste.jpg","datePublished":"2021-07-28T17:23:00+00:00","dateModified":"2023-04-27T17:36:56+00:00","breadcrumb":{"@id":"https:\/\/aram.org.ro\/ministerul-pregateste-transpunerea-directivei-sup-antreprenorii-horeca-migreaza-deja-catre-ambalaje-reciclabile\/#breadcrumb"},"inLanguage":"en-US","potentialAction":[{"@type":"ReadAction","target":["https:\/\/aram.org.ro\/ministerul-pregateste-transpunerea-directivei-sup-antreprenorii-horeca-migreaza-deja-catre-ambalaje-reciclabile\/"]}]},{"@type":"ImageObject","inLanguage":"en-US","@id":"https:\/\/aram.org.ro\/ministerul-pregateste-transpunerea-directivei-sup-antreprenorii-horeca-migreaza-deja-catre-ambalaje-reciclabile\/#primaryimage","url":"https:\/\/aram.org.ro\/wp-content\/uploads\/2023\/04\/ministerul-pregateste.jpg","contentUrl":"https:\/\/aram.org.ro\/wp-content\/uploads\/2023\/04\/ministerul-pregateste.jpg","width":740,"height":520},{"@type":"BreadcrumbList","@id":"https:\/\/aram.org.ro\/ministerul-pregateste-transpunerea-directivei-sup-antreprenorii-horeca-migreaza-deja-catre-ambalaje-reciclabile\/#breadcrumb","itemListElement":[{"@type":"ListItem","position":1,"name":"Prima pagin\u0103","item":"https:\/\/aram.org.ro\/"},{"@type":"ListItem","position":2,"name":"Ministerul preg\u0103te\u0219te transpunerea Directivei SUP. Antreprenorii HoReCa migreaz\u0103 deja c\u0103tre ambalaje reciclabile"}]},{"@type":"WebSite","@id":"https:\/\/aram.org.ro\/#website","url":"https:\/\/aram.org.ro\/","name":"ASOCIATIA ROMANA PENTRU AMBALAJE SI MEDIU","description":"","publisher":{"@id":"https:\/\/aram.org.ro\/#organization"},"potentialAction":[{"@type":"SearchAction","target":{"@type":"EntryPoint","urlTemplate":"https:\/\/aram.org.ro\/?s={search_term_string}"},"query-input":{"@type":"PropertyValueSpecification","valueRequired":true,"valueName":"search_term_string"}}],"inLanguage":"en-US"},{"@type":"Organization","@id":"https:\/\/aram.org.ro\/#organization","name":"ASOCIATIA ROMANA PENTRU AMBALAJE SI MEDIU","url":"https:\/\/aram.org.ro\/","logo":{"@type":"ImageObject","inLanguage":"en-US","@id":"https:\/\/aram.org.ro\/#\/schema\/logo\/image\/","url":"https:\/\/aram.org.ro\/wp-content\/uploads\/2023\/04\/ARAM.jpg","contentUrl":"https:\/\/aram.org.ro\/wp-content\/uploads\/2023\/04\/ARAM.jpg","width":900,"height":506,"caption":"ASOCIATIA ROMANA PENTRU AMBALAJE SI MEDIU"},"image":{"@id":"https:\/\/aram.org.ro\/#\/schema\/logo\/image\/"},"sameAs":["https:\/\/www.linkedin.com\/company\/aram-packaging","https:\/\/www.youtube.com\/channel\/UCHMMTIGZLhWpWwbb3YHeYzQ"]},{"@type":"Person","@id":"https:\/\/aram.org.ro\/#\/schema\/person\/30d4996e32cc2465615470b6e2bf113b","name":"admin","image":{"@type":"ImageObject","inLanguage":"en-US","@id":"https:\/\/secure.gravatar.com\/avatar\/d243ff438bd53c2fe16819a305b117689db9f8a35b6c939d969736835241d7a8?s=96&d=mm&r=g","url":"https:\/\/secure.gravatar.com\/avatar\/d243ff438bd53c2fe16819a305b117689db9f8a35b6c939d969736835241d7a8?s=96&d=mm&r=g","contentUrl":"https:\/\/secure.gravatar.com\/avatar\/d243ff438bd53c2fe16819a305b117689db9f8a35b6c939d969736835241d7a8?s=96&d=mm&r=g","caption":"admin"},"sameAs":["https:\/\/aram.ionutbuha.com"],"url":"https:\/\/aram.org.ro\/en\/author\/admin_lb6kh012\/"}]}},"_links":{"self":[{"href":"https:\/\/aram.org.ro\/en\/wp-json\/wp\/v2\/posts\/2384","targetHints":{"allow":["GET"]}}],"collection":[{"href":"https:\/\/aram.org.ro\/en\/wp-json\/wp\/v2\/posts"}],"about":[{"href":"https:\/\/aram.org.ro\/en\/wp-json\/wp\/v2\/types\/post"}],"author":[{"embeddable":true,"href":"https:\/\/aram.org.ro\/en\/wp-json\/wp\/v2\/users\/1"}],"replies":[{"embeddable":true,"href":"https:\/\/aram.org.ro\/en\/wp-json\/wp\/v2\/comments?post=2384"}],"version-history":[{"count":3,"href":"https:\/\/aram.org.ro\/en\/wp-json\/wp\/v2\/posts\/2384\/revisions"}],"predecessor-version":[{"id":2391,"href":"https:\/\/aram.org.ro\/en\/wp-json\/wp\/v2\/posts\/2384\/revisions\/2391"}],"wp:featuredmedia":[{"embeddable":true,"href":"https:\/\/aram.org.ro\/en\/wp-json\/wp\/v2\/media\/2385"}],"wp:attachment":[{"href":"https:\/\/aram.org.ro\/en\/wp-json\/wp\/v2\/media?parent=2384"}],"wp:term":[{"taxonomy":"category","embeddable":true,"href":"https:\/\/aram.org.ro\/en\/wp-json\/wp\/v2\/categories?post=2384"},{"taxonomy":"post_tag","embeddable":true,"href":"https:\/\/aram.org.ro\/en\/wp-json\/wp\/v2\/tags?post=2384"}],"curies":[{"name":"wp","href":"https:\/\/api.w.org\/{rel}","templated":true}]}}