{"id":1844,"date":"2021-11-02T14:47:08","date_gmt":"2021-11-02T12:47:08","guid":{"rendered":"https:\/\/aram.ionutbuha.com\/?p=1844"},"modified":"2023-04-27T20:12:15","modified_gmt":"2023-04-27T18:12:15","slug":"presedintele-aram-despre-transpunerea-directivei-privind-plasticul-de-unica-folosinta-la-pria-environment-2021","status":"publish","type":"post","link":"https:\/\/aram.org.ro\/en\/presedintele-aram-despre-transpunerea-directivei-privind-plasticul-de-unica-folosinta-la-pria-environment-2021\/","title":{"rendered":"On SUPD transposition, with the president of ARAM, at PRIA Environment 2021"},"content":{"rendered":"\n<p><strong><u><a href=\"http:\/\/www.priaevents.ro\/\">PRIAevents&nbsp;<\/a><\/u><\/strong><strong>a organizat<\/strong>&nbsp;<strong>conferin\u021ba<\/strong>&nbsp;<strong>PRIA Environment<\/strong>&nbsp;<strong>2021&nbsp;<\/strong><strong>\u00een 2 noiembrie&nbsp;&nbsp;<\/strong>\u2013<strong>&nbsp;una dintre cele mai importante platforme de dezbateri despre cele mai importante teme de mediu.<\/strong><\/p>\n\n\n\n<p>Suntem onora\u021bi c\u0103 Dl.&nbsp;<strong>Alin VI\u0218AN<\/strong>&nbsp;\u2013 Pre\u0219edinte, ARAM, a participat la PRIA Environment 2021<strong>,<\/strong>&nbsp; a acceptat invita\u021bia de a lua cuv\u00e2ntul \u00een cadrul&nbsp;<strong>PRIA Environment<\/strong>&nbsp;<strong>2021&nbsp;<\/strong><strong>\u00een 2 noiembrie, online, de la 10:30<\/strong>.<\/p>\n\n\n\n<p>Evenimentul&nbsp;<a href=\"http:\/\/www.priaevents.ro\/\">PRIA Environment<\/a>&nbsp;a avut o audien\u021b\u0103 foarte mare \u2013 215 participan\u021bi \u00een platforma evenimentului \u0219i 2 000 la transmisia live, au participat cei mai importan\u021bi lectori din domeniu, dezbaterile fiind interactive \u0219i au avut loc schimb de opinii \u0219i experien\u021b\u0103.<\/p>\n\n\n\n<p>S-a discutat despre rolul administra\u021biilor centrale si locale, despre politici \u0219i m\u0103suri de mediu, SGR,&nbsp; colectare \u0219i reciclare, dar \u0219i despre stadiul transpunerii legisla\u021biei europene.<\/p>\n\n\n\n<p><strong>Alin VI\u0218AN&nbsp;<\/strong>\u2013 Pre\u0219edinte, ARAM a m\u0103rturisit:<\/p>\n\n\n\n<blockquote class=\"wp-block-quote is-layout-flow wp-block-quote-is-layout-flow\">\n<p>\u201eO alt\u0103 prevedere foarte important\u0103, adoptat\u0103 \u00een aceast\u0103 toamn\u0103 de c\u0103tre Ministerul Mediului \u0219i de Ministerul Economiei, este Legea de Implementare a Directivei privind plasticul de unic\u0103 folosin\u021b\u0103. Este o lege bun\u0103 \u0219i necesar\u0103. A fost o dorin\u021b\u0103 la nivel european, dup\u0103 cum \u0219tim foarte bine, s\u0103 lu\u0103m o decizie dur\u0103 \u0219i strict\u0103 \u00een ceea ce prive\u0219te aceste tipuri de ambalaje.<\/p>\n\n\n\n<p>care ajung pe plaj\u0103, ajung \u00een m\u0103ri \u0219i polueaz\u0103. S-a g\u0103sit o solu\u021bie bun\u0103 \u00een a identifica ambalajele care pot fi interzise, pentru c\u0103 exist\u0103 alternative la ele. Rom\u00e2nia a fost printre primele state europene care a implementat aceast\u0103 Directiv\u0103. Avem acest termen de 5 septembrie 2021, de la care sunt interzise o parte dintre produse, \u00eens\u0103 aceast\u0103 Lege nu este doar despre interzicerea unor produse. Sunt alte lucruri la fel de importante, sunt foarte multe ambalaje care nu pot fi interzise de ast\u0103zi \u0219i se dore\u0219te o diminuare treptat\u0103 a consumului lor, dar nu o eliminare, pentru c\u0103 nu este posibil\u0103. Sunt alte ambalaje, cum ar fi sticlele de PET, pentru b\u0103uturi, unde, la fel, nu cred c\u0103 \u00ee\u0219i poate \u00eenchipui cineva c\u0103 putem renun\u021ba peste noapte la acest ambalaj, totu\u0219i, indispensabil lumii moderne de azi. Aici, s-a luat decizia de a pune accent pe colectarea acestor ambalaje. O colectare de 90% chiar reprezint\u0103 o performan\u021b\u0103 deosebit\u0103, iar cu ajutorul SGR suntem \u0219i noi aproape de acest procent foarte ambi\u021bios.&nbsp;Produsele din partea A din Directiv\u0103 nu pot fi \u00eenlocuite ast\u0103zi \u0219i este doar o inten\u021bie de a reduce consumul p\u00e2n\u0103 la jum\u0103tate, \u00een urm\u0103torii 4-5 ani. Este foarte ciudat modul \u00een care s-a ajuns la o interzicere ascuns\u0103 a acestor produse, cu inten\u021bie sau f\u0103r\u0103 inten\u021bie, solu\u021bia legislativ\u0103 g\u0103sit\u0103 a fost c\u0103 to\u021bi cei care v\u00e2nd asemenea produse ast\u0103zi (e vorba de banalele casolete din plastic sau de banalele pahare din plastic pentru b\u0103uturi), s\u0103 aib\u0103&nbsp;la raft alternative care s\u0103 nu fie din plastic. Altfel, risc\u0103 o amend\u0103 de p\u00e2n\u0103 la 40.000 de lei. Nu s-a luat \u00een calcul faptul c\u0103 vorbim de zeci de mii de comercian\u021bi din Rom\u00e2nia \u0219i de o incapacitate a industriei europene, nu vorbim de Rom\u00e2nia, de a pune la raft ast\u0103zi alternative pentru tot ce se consum\u0103.<\/p>\n\n\n\n<p>Prima observa\u021bie din partea noastr\u0103, ar fi s\u0103 g\u00e2ndim mai bine modul \u00een care o asemenea interdic\u021bie absolut\u0103, mascat\u0103, poate fi ast\u0103zi implementat\u0103, dac\u0103 noi chiar putem \u00eenlocui azi aceste produse la raft \u0219i dac\u0103 solu\u021bia cea mai bun\u0103 este s\u0103 venim cu o amend\u0103 pentru comercian\u021bi, care sunt \u00een imposibilitatea practic\u0103 de a avea acces la aceste tipuri de ambalaj.<\/p>\n\n\n\n<p>Solu\u021biile pe care noi le propunem sunt g\u00e2ndite pentru a ne \u00eencadra \u00een acest termen de 2026, prev\u0103zut de Directiv\u0103. Sunt prev\u0103zute \u0219i de Ordonan\u021b\u0103:&nbsp;s\u0103 se creeze un registru, \u00een care ace\u0219tia&nbsp;<em>[produc\u0103torii de produse alternative care nu con\u021bin plastic]<\/em>&nbsp;s\u0103 se \u00eenscrie, s\u0103 se stabileasc\u0103 ni\u0219te criterii pentru care produsele vor fi considerate alternative, s\u0103 se dea timp comercian\u021bilor s\u0103 se organizeze. E vorba de o tranzi\u021bie echitabil\u0103 pentru toat\u0103 lumea, astfel \u00eenc\u00e2t s\u0103 se ajung\u0103 la un rezultat bun, \u0219i nu la o impunere a unor amenzi uria\u0219e, peste noapte. Avem \u00eencredere c\u0103 to\u021bi factorii implica\u021bi se vor apleca cu mai mult\u0103 aten\u021bie asupra acestui subiect \u0219i vor \u00een\u021belege c\u0103 este nevoie de o ajustare a acestei probleme.\u201d<\/p>\n<\/blockquote>\n\n\n\n<p>Sursa: <a href=\"https:\/\/priainfo.ro\/alin-visan-presedinte-aram-a-participat-la-pria-environment-2021\/\" target=\"_blank\" rel=\"noreferrer noopener\">https:\/\/priainfo.ro\/alin-visan-presedinte-aram-a-participat-la-pria-environment-2021\/<\/a><\/p>\n","protected":false},"excerpt":{"rendered":"<p>PRIAevents&nbsp;a organizat&nbsp;conferin\u021ba&nbsp;PRIA Environment&nbsp;2021&nbsp;\u00een 2 noiembrie&nbsp;&nbsp;\u2013&nbsp;una dintre cele mai importante platforme de dezbateri despre cele mai importante teme de mediu. Suntem onora\u021bi c\u0103 Dl.&nbsp;Alin VI\u0218AN&nbsp;\u2013 Pre\u0219edinte, ARAM, a participat la PRIA Environment 2021,&nbsp; a acceptat invita\u021bia de a lua cuv\u00e2ntul \u00een cadrul&nbsp;PRIA Environment&nbsp;2021&nbsp;\u00een 2 noiembrie, online, de la 10:30. Evenimentul&nbsp;PRIA Environment&nbsp;a avut o audien\u021b\u0103 foarte mare<\/p>","protected":false},"author":1,"featured_media":0,"comment_status":"closed","ping_status":"closed","sticky":false,"template":"","format":"standard","meta":{"footnotes":""},"categories":[1],"tags":[],"class_list":["post-1844","post","type-post","status-publish","format-standard","hentry","category-comunicate"],"yoast_head":"<!-- This site is optimized with the Yoast SEO plugin v27.5 - https:\/\/yoast.com\/product\/yoast-seo-wordpress\/ -->\n<title>Pre\u0219edintele ARAM, despre transpunerea Directivei privind plasticul de unic\u0103 folosin\u021b\u0103, la PRIA Environment 2021 - ASOCIATIA ROMANA PENTRU AMBALAJE SI MEDIU<\/title>\n<meta name=\"robots\" content=\"noindex, follow, max-snippet:-1, max-image-preview:large, max-video-preview:-1\" \/>\n<meta property=\"og:locale\" content=\"en_US\" \/>\n<meta property=\"og:type\" content=\"article\" \/>\n<meta property=\"og:title\" content=\"Pre\u0219edintele ARAM, despre transpunerea Directivei privind plasticul de unic\u0103 folosin\u021b\u0103, la PRIA Environment 2021 - ASOCIATIA ROMANA PENTRU AMBALAJE SI MEDIU\" \/>\n<meta property=\"og:description\" content=\"PRIAevents&nbsp;a organizat&nbsp;conferin\u021ba&nbsp;PRIA Environment&nbsp;2021&nbsp;\u00een 2 noiembrie&nbsp;&nbsp;\u2013&nbsp;una dintre cele mai importante platforme de dezbateri despre cele mai importante teme de mediu. Suntem onora\u021bi c\u0103 Dl.&nbsp;Alin VI\u0218AN&nbsp;\u2013 Pre\u0219edinte, ARAM, a participat la PRIA Environment 2021,&nbsp; a acceptat invita\u021bia de a lua cuv\u00e2ntul \u00een cadrul&nbsp;PRIA Environment&nbsp;2021&nbsp;\u00een 2 noiembrie, online, de la 10:30. Evenimentul&nbsp;PRIA Environment&nbsp;a avut o audien\u021b\u0103 foarte mare\" \/>\n<meta property=\"og:url\" content=\"https:\/\/aram.org.ro\/en\/presedintele-aram-despre-transpunerea-directivei-privind-plasticul-de-unica-folosinta-la-pria-environment-2021\/\" \/>\n<meta property=\"og:site_name\" content=\"ASOCIATIA ROMANA PENTRU AMBALAJE SI MEDIU\" \/>\n<meta property=\"article:published_time\" content=\"2021-11-02T12:47:08+00:00\" \/>\n<meta property=\"article:modified_time\" content=\"2023-04-27T18:12:15+00:00\" \/>\n<meta name=\"author\" content=\"admin\" \/>\n<meta name=\"twitter:card\" content=\"summary_large_image\" \/>\n<meta name=\"twitter:label1\" content=\"Written by\" \/>\n\t<meta name=\"twitter:data1\" content=\"admin\" \/>\n\t<meta name=\"twitter:label2\" content=\"Est. reading time\" \/>\n\t<meta name=\"twitter:data2\" content=\"4 minutes\" \/>\n<script type=\"application\/ld+json\" class=\"yoast-schema-graph\">{\"@context\":\"https:\\\/\\\/schema.org\",\"@graph\":[{\"@type\":\"Article\",\"@id\":\"https:\\\/\\\/aram.org.ro\\\/presedintele-aram-despre-transpunerea-directivei-privind-plasticul-de-unica-folosinta-la-pria-environment-2021\\\/#article\",\"isPartOf\":{\"@id\":\"https:\\\/\\\/aram.org.ro\\\/presedintele-aram-despre-transpunerea-directivei-privind-plasticul-de-unica-folosinta-la-pria-environment-2021\\\/\"},\"author\":{\"name\":\"admin\",\"@id\":\"https:\\\/\\\/aram.org.ro\\\/#\\\/schema\\\/person\\\/30d4996e32cc2465615470b6e2bf113b\"},\"headline\":\"Pre\u0219edintele ARAM, despre transpunerea Directivei privind plasticul de unic\u0103 folosin\u021b\u0103, la PRIA Environment 2021\",\"datePublished\":\"2021-11-02T12:47:08+00:00\",\"dateModified\":\"2023-04-27T18:12:15+00:00\",\"mainEntityOfPage\":{\"@id\":\"https:\\\/\\\/aram.org.ro\\\/presedintele-aram-despre-transpunerea-directivei-privind-plasticul-de-unica-folosinta-la-pria-environment-2021\\\/\"},\"wordCount\":774,\"publisher\":{\"@id\":\"https:\\\/\\\/aram.org.ro\\\/#organization\"},\"articleSection\":[\"Comunicate\"],\"inLanguage\":\"en-US\"},{\"@type\":\"WebPage\",\"@id\":\"https:\\\/\\\/aram.org.ro\\\/presedintele-aram-despre-transpunerea-directivei-privind-plasticul-de-unica-folosinta-la-pria-environment-2021\\\/\",\"url\":\"https:\\\/\\\/aram.org.ro\\\/presedintele-aram-despre-transpunerea-directivei-privind-plasticul-de-unica-folosinta-la-pria-environment-2021\\\/\",\"name\":\"Pre\u0219edintele ARAM, despre transpunerea Directivei privind plasticul de unic\u0103 folosin\u021b\u0103, la PRIA Environment 2021 - ASOCIATIA ROMANA PENTRU AMBALAJE SI MEDIU\",\"isPartOf\":{\"@id\":\"https:\\\/\\\/aram.org.ro\\\/#website\"},\"datePublished\":\"2021-11-02T12:47:08+00:00\",\"dateModified\":\"2023-04-27T18:12:15+00:00\",\"breadcrumb\":{\"@id\":\"https:\\\/\\\/aram.org.ro\\\/presedintele-aram-despre-transpunerea-directivei-privind-plasticul-de-unica-folosinta-la-pria-environment-2021\\\/#breadcrumb\"},\"inLanguage\":\"en-US\",\"potentialAction\":[{\"@type\":\"ReadAction\",\"target\":[\"https:\\\/\\\/aram.org.ro\\\/presedintele-aram-despre-transpunerea-directivei-privind-plasticul-de-unica-folosinta-la-pria-environment-2021\\\/\"]}]},{\"@type\":\"BreadcrumbList\",\"@id\":\"https:\\\/\\\/aram.org.ro\\\/presedintele-aram-despre-transpunerea-directivei-privind-plasticul-de-unica-folosinta-la-pria-environment-2021\\\/#breadcrumb\",\"itemListElement\":[{\"@type\":\"ListItem\",\"position\":1,\"name\":\"Prima pagin\u0103\",\"item\":\"https:\\\/\\\/aram.org.ro\\\/\"},{\"@type\":\"ListItem\",\"position\":2,\"name\":\"Pre\u0219edintele ARAM, despre transpunerea Directivei privind plasticul de unic\u0103 folosin\u021b\u0103, la PRIA Environment 2021\"}]},{\"@type\":\"WebSite\",\"@id\":\"https:\\\/\\\/aram.org.ro\\\/#website\",\"url\":\"https:\\\/\\\/aram.org.ro\\\/\",\"name\":\"ASOCIATIA ROMANA PENTRU AMBALAJE SI MEDIU\",\"description\":\"\",\"publisher\":{\"@id\":\"https:\\\/\\\/aram.org.ro\\\/#organization\"},\"potentialAction\":[{\"@type\":\"SearchAction\",\"target\":{\"@type\":\"EntryPoint\",\"urlTemplate\":\"https:\\\/\\\/aram.org.ro\\\/?s={search_term_string}\"},\"query-input\":{\"@type\":\"PropertyValueSpecification\",\"valueRequired\":true,\"valueName\":\"search_term_string\"}}],\"inLanguage\":\"en-US\"},{\"@type\":\"Organization\",\"@id\":\"https:\\\/\\\/aram.org.ro\\\/#organization\",\"name\":\"ASOCIATIA ROMANA PENTRU AMBALAJE SI MEDIU\",\"url\":\"https:\\\/\\\/aram.org.ro\\\/\",\"logo\":{\"@type\":\"ImageObject\",\"inLanguage\":\"en-US\",\"@id\":\"https:\\\/\\\/aram.org.ro\\\/#\\\/schema\\\/logo\\\/image\\\/\",\"url\":\"https:\\\/\\\/aram.org.ro\\\/wp-content\\\/uploads\\\/2023\\\/04\\\/ARAM.jpg\",\"contentUrl\":\"https:\\\/\\\/aram.org.ro\\\/wp-content\\\/uploads\\\/2023\\\/04\\\/ARAM.jpg\",\"width\":900,\"height\":506,\"caption\":\"ASOCIATIA ROMANA PENTRU AMBALAJE SI MEDIU\"},\"image\":{\"@id\":\"https:\\\/\\\/aram.org.ro\\\/#\\\/schema\\\/logo\\\/image\\\/\"},\"sameAs\":[\"https:\\\/\\\/www.linkedin.com\\\/company\\\/aram-packaging\",\"https:\\\/\\\/www.youtube.com\\\/channel\\\/UCHMMTIGZLhWpWwbb3YHeYzQ\"]},{\"@type\":\"Person\",\"@id\":\"https:\\\/\\\/aram.org.ro\\\/#\\\/schema\\\/person\\\/30d4996e32cc2465615470b6e2bf113b\",\"name\":\"admin\",\"image\":{\"@type\":\"ImageObject\",\"inLanguage\":\"en-US\",\"@id\":\"https:\\\/\\\/secure.gravatar.com\\\/avatar\\\/d243ff438bd53c2fe16819a305b117689db9f8a35b6c939d969736835241d7a8?s=96&d=mm&r=g\",\"url\":\"https:\\\/\\\/secure.gravatar.com\\\/avatar\\\/d243ff438bd53c2fe16819a305b117689db9f8a35b6c939d969736835241d7a8?s=96&d=mm&r=g\",\"contentUrl\":\"https:\\\/\\\/secure.gravatar.com\\\/avatar\\\/d243ff438bd53c2fe16819a305b117689db9f8a35b6c939d969736835241d7a8?s=96&d=mm&r=g\",\"caption\":\"admin\"},\"sameAs\":[\"https:\\\/\\\/aram.ionutbuha.com\"],\"url\":\"https:\\\/\\\/aram.org.ro\\\/en\\\/author\\\/admin_lb6kh012\\\/\"}]}<\/script>\n<!-- \/ Yoast SEO plugin. -->","yoast_head_json":{"title":"Pre\u0219edintele ARAM, despre transpunerea Directivei privind plasticul de unic\u0103 folosin\u021b\u0103, la PRIA Environment 2021 - ASOCIATIA ROMANA PENTRU AMBALAJE SI MEDIU","robots":{"index":"noindex","follow":"follow","max-snippet":"max-snippet:-1","max-image-preview":"max-image-preview:large","max-video-preview":"max-video-preview:-1"},"og_locale":"en_US","og_type":"article","og_title":"Pre\u0219edintele ARAM, despre transpunerea Directivei privind plasticul de unic\u0103 folosin\u021b\u0103, la PRIA Environment 2021 - ASOCIATIA ROMANA PENTRU AMBALAJE SI MEDIU","og_description":"PRIAevents&nbsp;a organizat&nbsp;conferin\u021ba&nbsp;PRIA Environment&nbsp;2021&nbsp;\u00een 2 noiembrie&nbsp;&nbsp;\u2013&nbsp;una dintre cele mai importante platforme de dezbateri despre cele mai importante teme de mediu. Suntem onora\u021bi c\u0103 Dl.&nbsp;Alin VI\u0218AN&nbsp;\u2013 Pre\u0219edinte, ARAM, a participat la PRIA Environment 2021,&nbsp; a acceptat invita\u021bia de a lua cuv\u00e2ntul \u00een cadrul&nbsp;PRIA Environment&nbsp;2021&nbsp;\u00een 2 noiembrie, online, de la 10:30. Evenimentul&nbsp;PRIA Environment&nbsp;a avut o audien\u021b\u0103 foarte mare","og_url":"https:\/\/aram.org.ro\/en\/presedintele-aram-despre-transpunerea-directivei-privind-plasticul-de-unica-folosinta-la-pria-environment-2021\/","og_site_name":"ASOCIATIA ROMANA PENTRU AMBALAJE SI MEDIU","article_published_time":"2021-11-02T12:47:08+00:00","article_modified_time":"2023-04-27T18:12:15+00:00","author":"admin","twitter_card":"summary_large_image","twitter_misc":{"Written by":"admin","Est. reading time":"4 minutes"},"schema":{"@context":"https:\/\/schema.org","@graph":[{"@type":"Article","@id":"https:\/\/aram.org.ro\/presedintele-aram-despre-transpunerea-directivei-privind-plasticul-de-unica-folosinta-la-pria-environment-2021\/#article","isPartOf":{"@id":"https:\/\/aram.org.ro\/presedintele-aram-despre-transpunerea-directivei-privind-plasticul-de-unica-folosinta-la-pria-environment-2021\/"},"author":{"name":"admin","@id":"https:\/\/aram.org.ro\/#\/schema\/person\/30d4996e32cc2465615470b6e2bf113b"},"headline":"Pre\u0219edintele ARAM, despre transpunerea Directivei privind plasticul de unic\u0103 folosin\u021b\u0103, la PRIA Environment 2021","datePublished":"2021-11-02T12:47:08+00:00","dateModified":"2023-04-27T18:12:15+00:00","mainEntityOfPage":{"@id":"https:\/\/aram.org.ro\/presedintele-aram-despre-transpunerea-directivei-privind-plasticul-de-unica-folosinta-la-pria-environment-2021\/"},"wordCount":774,"publisher":{"@id":"https:\/\/aram.org.ro\/#organization"},"articleSection":["Comunicate"],"inLanguage":"en-US"},{"@type":"WebPage","@id":"https:\/\/aram.org.ro\/presedintele-aram-despre-transpunerea-directivei-privind-plasticul-de-unica-folosinta-la-pria-environment-2021\/","url":"https:\/\/aram.org.ro\/presedintele-aram-despre-transpunerea-directivei-privind-plasticul-de-unica-folosinta-la-pria-environment-2021\/","name":"Pre\u0219edintele ARAM, despre transpunerea Directivei privind plasticul de unic\u0103 folosin\u021b\u0103, la PRIA Environment 2021 - ASOCIATIA ROMANA PENTRU AMBALAJE SI MEDIU","isPartOf":{"@id":"https:\/\/aram.org.ro\/#website"},"datePublished":"2021-11-02T12:47:08+00:00","dateModified":"2023-04-27T18:12:15+00:00","breadcrumb":{"@id":"https:\/\/aram.org.ro\/presedintele-aram-despre-transpunerea-directivei-privind-plasticul-de-unica-folosinta-la-pria-environment-2021\/#breadcrumb"},"inLanguage":"en-US","potentialAction":[{"@type":"ReadAction","target":["https:\/\/aram.org.ro\/presedintele-aram-despre-transpunerea-directivei-privind-plasticul-de-unica-folosinta-la-pria-environment-2021\/"]}]},{"@type":"BreadcrumbList","@id":"https:\/\/aram.org.ro\/presedintele-aram-despre-transpunerea-directivei-privind-plasticul-de-unica-folosinta-la-pria-environment-2021\/#breadcrumb","itemListElement":[{"@type":"ListItem","position":1,"name":"Prima pagin\u0103","item":"https:\/\/aram.org.ro\/"},{"@type":"ListItem","position":2,"name":"Pre\u0219edintele ARAM, despre transpunerea Directivei privind plasticul de unic\u0103 folosin\u021b\u0103, la PRIA Environment 2021"}]},{"@type":"WebSite","@id":"https:\/\/aram.org.ro\/#website","url":"https:\/\/aram.org.ro\/","name":"ASOCIATIA ROMANA PENTRU AMBALAJE SI MEDIU","description":"","publisher":{"@id":"https:\/\/aram.org.ro\/#organization"},"potentialAction":[{"@type":"SearchAction","target":{"@type":"EntryPoint","urlTemplate":"https:\/\/aram.org.ro\/?s={search_term_string}"},"query-input":{"@type":"PropertyValueSpecification","valueRequired":true,"valueName":"search_term_string"}}],"inLanguage":"en-US"},{"@type":"Organization","@id":"https:\/\/aram.org.ro\/#organization","name":"ASOCIATIA ROMANA PENTRU AMBALAJE SI MEDIU","url":"https:\/\/aram.org.ro\/","logo":{"@type":"ImageObject","inLanguage":"en-US","@id":"https:\/\/aram.org.ro\/#\/schema\/logo\/image\/","url":"https:\/\/aram.org.ro\/wp-content\/uploads\/2023\/04\/ARAM.jpg","contentUrl":"https:\/\/aram.org.ro\/wp-content\/uploads\/2023\/04\/ARAM.jpg","width":900,"height":506,"caption":"ASOCIATIA ROMANA PENTRU AMBALAJE SI MEDIU"},"image":{"@id":"https:\/\/aram.org.ro\/#\/schema\/logo\/image\/"},"sameAs":["https:\/\/www.linkedin.com\/company\/aram-packaging","https:\/\/www.youtube.com\/channel\/UCHMMTIGZLhWpWwbb3YHeYzQ"]},{"@type":"Person","@id":"https:\/\/aram.org.ro\/#\/schema\/person\/30d4996e32cc2465615470b6e2bf113b","name":"admin","image":{"@type":"ImageObject","inLanguage":"en-US","@id":"https:\/\/secure.gravatar.com\/avatar\/d243ff438bd53c2fe16819a305b117689db9f8a35b6c939d969736835241d7a8?s=96&d=mm&r=g","url":"https:\/\/secure.gravatar.com\/avatar\/d243ff438bd53c2fe16819a305b117689db9f8a35b6c939d969736835241d7a8?s=96&d=mm&r=g","contentUrl":"https:\/\/secure.gravatar.com\/avatar\/d243ff438bd53c2fe16819a305b117689db9f8a35b6c939d969736835241d7a8?s=96&d=mm&r=g","caption":"admin"},"sameAs":["https:\/\/aram.ionutbuha.com"],"url":"https:\/\/aram.org.ro\/en\/author\/admin_lb6kh012\/"}]}},"_links":{"self":[{"href":"https:\/\/aram.org.ro\/en\/wp-json\/wp\/v2\/posts\/1844","targetHints":{"allow":["GET"]}}],"collection":[{"href":"https:\/\/aram.org.ro\/en\/wp-json\/wp\/v2\/posts"}],"about":[{"href":"https:\/\/aram.org.ro\/en\/wp-json\/wp\/v2\/types\/post"}],"author":[{"embeddable":true,"href":"https:\/\/aram.org.ro\/en\/wp-json\/wp\/v2\/users\/1"}],"replies":[{"embeddable":true,"href":"https:\/\/aram.org.ro\/en\/wp-json\/wp\/v2\/comments?post=1844"}],"version-history":[{"count":3,"href":"https:\/\/aram.org.ro\/en\/wp-json\/wp\/v2\/posts\/1844\/revisions"}],"predecessor-version":[{"id":2398,"href":"https:\/\/aram.org.ro\/en\/wp-json\/wp\/v2\/posts\/1844\/revisions\/2398"}],"wp:attachment":[{"href":"https:\/\/aram.org.ro\/en\/wp-json\/wp\/v2\/media?parent=1844"}],"wp:term":[{"taxonomy":"category","embeddable":true,"href":"https:\/\/aram.org.ro\/en\/wp-json\/wp\/v2\/categories?post=1844"},{"taxonomy":"post_tag","embeddable":true,"href":"https:\/\/aram.org.ro\/en\/wp-json\/wp\/v2\/tags?post=1844"}],"curies":[{"name":"wp","href":"https:\/\/api.w.org\/{rel}","templated":true}]}}